{"id":17261,"date":"2025-01-18T15:35:47","date_gmt":"2025-01-18T14:35:47","guid":{"rendered":"https:\/\/www.seval.ch\/?p=17261"},"modified":"2025-01-18T15:39:43","modified_gmt":"2025-01-18T14:39:43","slug":"changement-au-secretariat","status":"publish","type":"post","link":"https:\/\/www.seval.ch\/fr\/2025\/01\/18\/changement-au-secretariat\/","title":{"rendered":"Changement au Secr\u00e9tariat"},"content":{"rendered":"<p style=\"font-weight: 400;\">En ce d\u00e9but d\u2019ann\u00e9e, nous souhaitons partager avec vous un changement important au sein de notre association. Apr\u00e8s plus de 17 ann\u00e9es de d\u00e9vouement \u00e0 la t\u00eate du Secr\u00e9tariat de la SEVAL, <strong>Patrick Zadory<\/strong> a quitt\u00e9 cette fonction pour relever un nouveau d\u00e9fi professionnel \u00e0 l\u2019Universit\u00e9 de Fribourg.<\/p>\n<p style=\"font-weight: 400;\">Nous tenons \u00e0 exprimer toute notre gratitude \u00e0 Patrick pour son engagement sans faille et les contributions qu\u2019il a apport\u00e9es au Secr\u00e9tariat de la SEVAL. Sa r\u00e9activit\u00e9 et sa disponibilit\u00e9 ont \u00e9t\u00e9 grandement appr\u00e9ci\u00e9es.<\/p>\n<p><span style=\"font-weight: 400;\">Nous avons le plaisir d\u2019accueillir <strong>V\u00e9nusia Bertin<\/strong>, qui reprend les r\u00eanes du Secr\u00e9tariat. V\u00e9nusia est dipl\u00f4m\u00e9e en sciences \u00e9conomiques et sociales de l\u2019Universit\u00e9 de Fribourg et apporte avec elle une riche exp\u00e9rience en communication, organisation d\u2019\u00e9v\u00e9nement et gestion administrative, tant dans le secteur public que priv\u00e9. V\u00e9nusia conna\u00eet d\u00e9j\u00e0 la SEVAL puisqu\u2019elle a couvert les trois derniers congr\u00e8s en photos et vid\u00e9os. Enthousiaste \u00e0 l\u2019id\u00e9e de contribuer activement \u00e0 la mission de la SEVAL, elle se r\u00e9jouit de soutenir nos membres.<\/span><\/p>\n<figure id=\"attachment_17258\" aria-describedby=\"caption-attachment-17258\" style=\"width: 300px\" class=\"wp-caption alignnone\"><img decoding=\"async\" loading=\"lazy\" class=\"wp-image-17258 size-medium\" src=\"https:\/\/www.seval.ch\/app\/uploads\/2025\/01\/Venusia_Bertin-1-300x300.png\" alt=\"V\u00e9nusia Bertin, Secr\u00e9tariat SEVAL\" width=\"300\" height=\"300\" srcset=\"https:\/\/www.seval.ch\/app\/uploads\/2025\/01\/Venusia_Bertin-1-300x300.png 300w, https:\/\/www.seval.ch\/app\/uploads\/2025\/01\/Venusia_Bertin-1-1024x1024.png 1024w, https:\/\/www.seval.ch\/app\/uploads\/2025\/01\/Venusia_Bertin-1-150x150.png 150w, https:\/\/www.seval.ch\/app\/uploads\/2025\/01\/Venusia_Bertin-1-768x768.png 768w, https:\/\/www.seval.ch\/app\/uploads\/2025\/01\/Venusia_Bertin-1-400x400.png 400w, https:\/\/www.seval.ch\/app\/uploads\/2025\/01\/Venusia_Bertin-1.png 1200w\" sizes=\"(max-width: 300px) 100vw, 300px\" \/><figcaption id=\"caption-attachment-17258\" class=\"wp-caption-text\">V\u00e9nusia Bertin, Secr\u00e9tariat SEVAL<\/figcaption><\/figure>\n","protected":false},"excerpt":{"rendered":"<p>En ce d\u00e9but d\u2019ann\u00e9e, nous souhaitons partager avec vous un changement important au sein de notre association. Apr\u00e8s plus de 17 ann\u00e9es de d\u00e9vouement \u00e0 la t\u00eate du Secr\u00e9tariat de la SEVAL, Patrick Zadory a quitt\u00e9 cette fonction pour relever un nouveau d\u00e9fi professionnel \u00e0 l\u2019Universit\u00e9 de Fribourg. Nous tenons \u00e0 exprimer toute notre gratitude &hellip;<\/p>\n","protected":false},"author":1220,"featured_media":0,"comment_status":"closed","ping_status":"closed","sticky":false,"template":"","format":"standard","meta":{"_searchwp_excluded":""},"categories":[99],"tags":[],"acf":[],"_links":{"self":[{"href":"https:\/\/www.seval.ch\/fr\/wp-json\/wp\/v2\/posts\/17261"}],"collection":[{"href":"https:\/\/www.seval.ch\/fr\/wp-json\/wp\/v2\/posts"}],"about":[{"href":"https:\/\/www.seval.ch\/fr\/wp-json\/wp\/v2\/types\/post"}],"author":[{"embeddable":true,"href":"https:\/\/www.seval.ch\/fr\/wp-json\/wp\/v2\/users\/1220"}],"replies":[{"embeddable":true,"href":"https:\/\/www.seval.ch\/fr\/wp-json\/wp\/v2\/comments?post=17261"}],"version-history":[{"count":3,"href":"https:\/\/www.seval.ch\/fr\/wp-json\/wp\/v2\/posts\/17261\/revisions"}],"predecessor-version":[{"id":17266,"href":"https:\/\/www.seval.ch\/fr\/wp-json\/wp\/v2\/posts\/17261\/revisions\/17266"}],"wp:attachment":[{"href":"https:\/\/www.seval.ch\/fr\/wp-json\/wp\/v2\/media?parent=17261"}],"wp:term":[{"taxonomy":"category","embeddable":true,"href":"https:\/\/www.seval.ch\/fr\/wp-json\/wp\/v2\/categories?post=17261"},{"taxonomy":"post_tag","embeddable":true,"href":"https:\/\/www.seval.ch\/fr\/wp-json\/wp\/v2\/tags?post=17261"}],"curies":[{"name":"wp","href":"https:\/\/api.w.org\/{rel}","templated":true}]}}