{"id":17250,"date":"2025-01-18T14:59:21","date_gmt":"2025-01-18T13:59:21","guid":{"rendered":"https:\/\/www.seval.ch\/?p=17250"},"modified":"2025-01-18T15:36:41","modified_gmt":"2025-01-18T14:36:41","slug":"groupe-de-travail-sur-lintelligence-artificielle-dans-levaluation-appel-a-manifestation-dinteret","status":"publish","type":"post","link":"https:\/\/www.seval.ch\/fr\/2025\/01\/18\/groupe-de-travail-sur-lintelligence-artificielle-dans-levaluation-appel-a-manifestation-dinteret\/","title":{"rendered":"Groupe de travail sur l\u2019intelligence artificielle dans l\u2019\u00e9valuation : appel \u00e0 manifestation d\u2019int\u00e9r\u00eat"},"content":{"rendered":"<p style=\"font-weight: 400;\">L\u2019intelligence artificielle (IA) et son application dans le monde professionnel a gagn\u00e9 en importance ces derni\u00e8res ann\u00e9es. Le domaine de l\u2019\u00e9valuation n\u2019y fait pas exception. Cependant, de nombreuses questions se posent quant \u00e0 son utilisation, aux opportunit\u00e9s mais \u00e9galement aux risques qui y sont associ\u00e9s.<\/p>\n<p style=\"font-weight: 400;\">Le comit\u00e9 de la SEVAL ainsi que les responsables des groupes de travail ont d\u00e9j\u00e0 th\u00e9matis\u00e9 \u00e0 plusieurs reprises ce sujet dans diff\u00e9rentes discussions et activit\u00e9s. Il ressort des r\u00e9flexions en la mati\u00e8re qu\u2019une approche coordonn\u00e9e et sp\u00e9cifique est souhait\u00e9e et n\u00e9cessaire afin que la SEVAL se saisisse du sujet.<\/p>\n<p style=\"font-weight: 400;\"><strong>Le comit\u00e9, en accord avec les responsables des groupes de travail, lance donc le pr\u00e9sent appel \u00e0 manifestation d\u2019int\u00e9r\u00eat afin de cr\u00e9er un groupe de travail sur l\u2019intelligence artificielle dans l\u2019\u00e9valuation.<\/strong><\/p>\n<p style=\"font-weight: 400;\">Le but du groupe de travail doit \u00eatre de discuter des possibilit\u00e9s et des limites, des opportunit\u00e9s et des risques de l\u2019utilisation de l\u2019IA dans l\u2019\u00e9valuation et de mettre \u00e0 disposition des membres de la SEVAL des informations \u00e0 ce sujet. Les objectifs concrets de ce groupe de travail sont \u00e0 d\u00e9finir par les membres de mani\u00e8re plus pr\u00e9cise une fois qu\u2019il sera form\u00e9. Ils doivent cependant contenir les \u00e9l\u00e9ments suivants, qui ont \u00e9t\u00e9 identifi\u00e9s comme des besoins pour la SEVAL\u00a0:<\/p>\n<ol>\n<li>\u00e9change de pratiques r\u00e9gulier et de bas seuil\u00a0;<\/li>\n<li>recherche et information sur les outils fiables et l\u2019utilisation correcte de l\u2019IA dans l\u2019\u00e9valuation\u00a0;<\/li>\n<li>diffusion des connaissances au sein de la SEVAL\u00a0;<\/li>\n<li>liste ou organisation d\u2019\u00e9v\u00e9nements \/ de formations pour approfondir le sujet.<\/li>\n<\/ol>\n<p style=\"font-weight: 400;\">Les axes de travail doivent \u00eatre soumis au comit\u00e9 pour approbation. Les activit\u00e9s du groupe de travail devront \u00e9galement \u00eatre coordonn\u00e9es avec les autres activit\u00e9s de la SEVAL (p.ex. adaptations n\u00e9cessaires des pratiques, des standards ou des comp\u00e9tences).<\/p>\n<p style=\"font-weight: 400;\">Reinhard Zweidler (membre de la SEVAL et actif dans diff\u00e9rents groupes de travail) a d\u00e9j\u00e0 eu des contacts avec Prof. Dr. Mascha Kurpicz-Briki (Haute \u00e9cole sp\u00e9cialis\u00e9e bernoise), qui serait pr\u00eate \u00e0 mettre une formation sur pied. Le contact avec d\u2019autres soci\u00e9t\u00e9s d\u2019\u00e9valuation (p.ex. <a href=\"https:\/\/www.degeval.org\">Deutsche Gesellschaft f\u00fcr Evaluation<\/a>\u00a0[DeGEval], <a href=\"https:\/\/europeanevaluation.org\">European Evaluation Society<\/a> [EES]) appara\u00eet \u00e9galement pertinent afin de voir quelles sont les r\u00e9flexions en lien avec l\u2019IA et l\u2019\u00e9valuation.<\/p>\n<p style=\"font-weight: 400;\">Les personnes int\u00e9ress\u00e9es sont appel\u00e9es \u00e0 manifester leur int\u00e9r\u00eat \u00e0 faire partie de ce groupe de travail d\u2019ici au <strong>31 janvier 2025<\/strong>. Merci d\u2019envoyer un mail \u00e0 <a href=\"ma&#105;&#108;&#116;&#111;&#x3a;&#x6d;&#x61;&#x72;&#x69;on&#46;&#98;&#97;&#117;&#x64;&#x2d;&#x6c;&#x61;&#x76;ig&#110;&#101;&#64;&#112;&#x61;&#x72;&#x6c;&#x2e;&#x61;dmi&#110;&#46;&#99;&#x68;\">&#x6d;&#x61;&#x72;&#x69;&#x6f;&#x6e;&#x2e;&#x62;&#x61;&#x75;&#x64;&#x2d;&#x6c;&#x61;&#x76;&#x69;&#x67;&#x6e;&#x65;&#x40;&#x70;&#x61;&#114;&#108;&#46;&#97;&#100;&#109;&#105;&#110;&#46;&#99;&#104;<\/a>. Veuillez \u00e9galement signaler si vous \u00eates int\u00e9ress\u00e9(e) \u00e0 assumer la direction de ce groupe.<\/p>\n<p style=\"font-weight: 400;\">Une fois le groupe form\u00e9, celui-ci s\u2019organise de mani\u00e8re autonome. Chaque groupe de travail informe r\u00e9guli\u00e8rement le comit\u00e9 de la SEVAL de ses activit\u00e9s. Les conditions-cadres pour les groupes de travail sont disponibles sous <a href=\"http:\/\/www.seval.ch\/fr\/groupes-de-travail\/\">www.seval.ch\/fr\/groupes-de-travail\/<\/a>(\u00e0 droite, sous \u00ab\u00a0Downloads\u00a0\u00bb).<\/p>\n<p><span style=\"font-weight: 400;\">Marion Baud-Lavigne, membre du comit\u00e9 SEVAL et responsable du ressort \u00ab\u00a0Groupes de travail\u00a0\u00bb, est \u00e0 disposition pour r\u00e9pondre \u00e0 toute question sur cet appel \u00e0 manifestation d\u2019int\u00e9r\u00eat (<a href=\"&#x6d;a&#x69;&#108;t&#x6f;&#58;&#x6d;&#97;r&#x69;&#111;&#x6e;&#46;b&#x61;&#117;&#x64;&#x2d;l&#x61;&#118;i&#x67;&#110;&#x65;&#64;p&#x61;&#114;&#x6c;&#46;a&#x64;&#109;&#x69;&#x6e;&#46;&#x63;&#104;\">mar&#105;&#111;&#110;&#x2e;&#x62;&#x61;&#x75;&#x64;&#x2d;lav&#105;&#103;&#110;&#101;&#x40;&#x70;&#x61;&#x72;&#x6c;&#x2e;adm&#105;&#110;&#46;&#x63;&#x68;<\/a>, +41\u00a058 322 90 46).<\/span><\/p>\n<p><a href=\"https:\/\/www.seval.ch\/app\/uploads\/2025\/01\/SEVAL_Arbeitsgruppe-KI_def.pdf\">SEVAL Groupe de travail IA \/ Arbeitsgruppe KI<\/a><\/p>\n","protected":false},"excerpt":{"rendered":"<p>L\u2019intelligence artificielle (IA) et son application dans le monde professionnel a gagn\u00e9 en importance ces derni\u00e8res ann\u00e9es. Le domaine de l\u2019\u00e9valuation n\u2019y fait pas exception. Cependant, de nombreuses questions se posent quant \u00e0 son utilisation, aux opportunit\u00e9s mais \u00e9galement aux risques qui y sont associ\u00e9s. Le comit\u00e9 de la SEVAL ainsi que les responsables des &hellip;<\/p>\n","protected":false},"author":1220,"featured_media":0,"comment_status":"closed","ping_status":"closed","sticky":false,"template":"","format":"standard","meta":{"_searchwp_excluded":""},"categories":[99],"tags":[],"acf":[],"_links":{"self":[{"href":"https:\/\/www.seval.ch\/fr\/wp-json\/wp\/v2\/posts\/17250"}],"collection":[{"href":"https:\/\/www.seval.ch\/fr\/wp-json\/wp\/v2\/posts"}],"about":[{"href":"https:\/\/www.seval.ch\/fr\/wp-json\/wp\/v2\/types\/post"}],"author":[{"embeddable":true,"href":"https:\/\/www.seval.ch\/fr\/wp-json\/wp\/v2\/users\/1220"}],"replies":[{"embeddable":true,"href":"https:\/\/www.seval.ch\/fr\/wp-json\/wp\/v2\/comments?post=17250"}],"version-history":[{"count":1,"href":"https:\/\/www.seval.ch\/fr\/wp-json\/wp\/v2\/posts\/17250\/revisions"}],"predecessor-version":[{"id":17252,"href":"https:\/\/www.seval.ch\/fr\/wp-json\/wp\/v2\/posts\/17250\/revisions\/17252"}],"wp:attachment":[{"href":"https:\/\/www.seval.ch\/fr\/wp-json\/wp\/v2\/media?parent=17250"}],"wp:term":[{"taxonomy":"category","embeddable":true,"href":"https:\/\/www.seval.ch\/fr\/wp-json\/wp\/v2\/categories?post=17250"},{"taxonomy":"post_tag","embeddable":true,"href":"https:\/\/www.seval.ch\/fr\/wp-json\/wp\/v2\/tags?post=17250"}],"curies":[{"name":"wp","href":"https:\/\/api.w.org\/{rel}","templated":true}]}}