{"id":16847,"date":"2024-09-25T17:39:19","date_gmt":"2024-09-25T15:39:19","guid":{"rendered":"https:\/\/www.seval.ch\/?p=16847"},"modified":"2024-09-25T17:39:19","modified_gmt":"2024-09-25T15:39:19","slug":"retrospective-congres-2024","status":"publish","type":"post","link":"https:\/\/www.seval.ch\/fr\/2024\/09\/25\/retrospective-congres-2024\/","title":{"rendered":"R\u00e9trospective Congr\u00e8s 2024"},"content":{"rendered":"<p>Les vid\u00e9os, pr\u00e9sentations et les photos du Congr\u00e8s 2024 sont en ligne ! D\u00e9couvrez les <a href=\"https:\/\/www.seval.ch\/fr\/news-veranstaltungen\/veranstaltungen\/congres-seval-2024\/\">ici<\/a><\/p>\n<p><img decoding=\"async\" loading=\"lazy\" class=\"alignnone wp-image-16844 size-large\" src=\"https:\/\/www.seval.ch\/app\/uploads\/2024\/09\/IMG_0987-1-1024x683.jpg\" alt=\"\" width=\"1024\" height=\"683\" srcset=\"https:\/\/www.seval.ch\/app\/uploads\/2024\/09\/IMG_0987-1-1024x683.jpg 1024w, https:\/\/www.seval.ch\/app\/uploads\/2024\/09\/IMG_0987-1-300x200.jpg 300w, https:\/\/www.seval.ch\/app\/uploads\/2024\/09\/IMG_0987-1-768x512.jpg 768w\" sizes=\"(max-width: 1024px) 100vw, 1024px\" \/><\/p>\n","protected":false},"excerpt":{"rendered":"<p>Les vid\u00e9os, pr\u00e9sentations et les photos du Congr\u00e8s 2024 sont en ligne ! D\u00e9couvrez les ici<\/p>\n","protected":false},"author":13,"featured_media":0,"comment_status":"closed","ping_status":"closed","sticky":false,"template":"","format":"standard","meta":{"_searchwp_excluded":""},"categories":[99],"tags":[],"acf":[],"_links":{"self":[{"href":"https:\/\/www.seval.ch\/fr\/wp-json\/wp\/v2\/posts\/16847"}],"collection":[{"href":"https:\/\/www.seval.ch\/fr\/wp-json\/wp\/v2\/posts"}],"about":[{"href":"https:\/\/www.seval.ch\/fr\/wp-json\/wp\/v2\/types\/post"}],"author":[{"embeddable":true,"href":"https:\/\/www.seval.ch\/fr\/wp-json\/wp\/v2\/users\/13"}],"replies":[{"embeddable":true,"href":"https:\/\/www.seval.ch\/fr\/wp-json\/wp\/v2\/comments?post=16847"}],"version-history":[{"count":1,"href":"https:\/\/www.seval.ch\/fr\/wp-json\/wp\/v2\/posts\/16847\/revisions"}],"predecessor-version":[{"id":16848,"href":"https:\/\/www.seval.ch\/fr\/wp-json\/wp\/v2\/posts\/16847\/revisions\/16848"}],"wp:attachment":[{"href":"https:\/\/www.seval.ch\/fr\/wp-json\/wp\/v2\/media?parent=16847"}],"wp:term":[{"taxonomy":"category","embeddable":true,"href":"https:\/\/www.seval.ch\/fr\/wp-json\/wp\/v2\/categories?post=16847"},{"taxonomy":"post_tag","embeddable":true,"href":"https:\/\/www.seval.ch\/fr\/wp-json\/wp\/v2\/tags?post=16847"}],"curies":[{"name":"wp","href":"https:\/\/api.w.org\/{rel}","templated":true}]}}