{"id":16489,"date":"2024-07-29T10:19:02","date_gmt":"2024-07-29T08:19:02","guid":{"rendered":"https:\/\/www.seval.ch\/2024\/07\/29\/role-du-suivi-evaluation-dans-la-croissance-et-le-developpement-des-pme-et-startups\/"},"modified":"2024-07-29T10:19:17","modified_gmt":"2024-07-29T08:19:17","slug":"role-du-suivi-evaluation-dans-la-croissance-et-le-developpement-des-pme-et-startups","status":"publish","type":"post","link":"https:\/\/www.seval.ch\/fr\/2024\/07\/29\/role-du-suivi-evaluation-dans-la-croissance-et-le-developpement-des-pme-et-startups\/","title":{"rendered":"R\u00f4le du suivi-\u00e9valuation dans la croissance et le d\u00e9veloppement des PME et startups"},"content":{"rendered":"<p>L&#8217;Institut Africain de Suivi et \u00c9valuation d&#8217;Impact des Politiques Programmes et Projets de D\u00e9veloppement, encore appel\u00e9 Le Barom\u00e8tre, organise chaque ann\u00e9e des webinaires trimestriels qui couvrent les th\u00e9matiques dans le domaine de l\u2019\u00e9valuation et du d\u00e9veloppement.<\/p>\n<p>Le th\u00e8me du troisi\u00e8me webinaire de cette ann\u00e9e est \u00ab\u00a0<strong><em>R\u00f4le du suivi-\u00e9valuation dans la croissance et le d\u00e9veloppement des PME et startups : Pertinence, d\u00e9fis et opportunit\u00e9s<\/em><\/strong>.\u00a0\u00bb<\/p>\n<p>Votre engagement et votre expertise dans le domaine de l&#8217;\u00e9valuation font de vous un acteur majeur dans cet \u00e9cosyst\u00e8me.<\/p>\n<p><strong>Votre participation\u00a0ou celle d&#8217;un.e de vos collaborateurs.trices<\/strong>\u00a0<strong>en tant que pan\u00e9liste\/intervenant.e \u00e0 cet \u00e9v\u00e9nement contribuerait significativement \u00e0 la qualit\u00e9 des \u00e9changes et des discussions.<\/strong><\/p>\n<p>Nous croyons que votre contribution serait extr\u00eamement enrichissante pour tous les participant.e.s.<\/p>\n<p>Le webinaire se tiendra le Jeudi 22 Ao\u00fbt \u00e0\u00a0<strong>13h (GMT + 1)\u00a0<\/strong>et finira \u00e0\u00a0<strong>14h30mn (GMT + 1)\u00a0<\/strong>soit une dur\u00e9e totale de\u00a0<strong>1h30mn<\/strong>\u00a0et vise \u00e0 rassembler des experts et des praticiens du domaine pour partager leurs connaissances et exp\u00e9riences.<\/p>\n<p>Nous avons joint \u00e0 ce courrier les Termes de R\u00e9f\u00e9rence du webinaire qui d\u00e9taillent le format et les objectifs de l&#8217;\u00e9v\u00e9nement. Nous esp\u00e9rons sinc\u00e8rement que vous pourrez vous joindre \u00e0 nous pour de beaux \u00e9changes.<\/p>\n","protected":false},"excerpt":{"rendered":"<p>L&#8217;Institut Africain de Suivi et \u00c9valuation d&#8217;Impact des Politiques Programmes et Projets de D\u00e9veloppement, encore appel\u00e9 Le Barom\u00e8tre, organise chaque ann\u00e9e des webinaires trimestriels qui couvrent les th\u00e9matiques dans le domaine de l\u2019\u00e9valuation et du d\u00e9veloppement. Le th\u00e8me du troisi\u00e8me webinaire de cette ann\u00e9e est \u00ab\u00a0R\u00f4le du suivi-\u00e9valuation dans la croissance et le d\u00e9veloppement des &hellip;<\/p>\n","protected":false},"author":13,"featured_media":0,"comment_status":"closed","ping_status":"closed","sticky":false,"template":"","format":"standard","meta":{"_searchwp_excluded":""},"categories":[98],"tags":[],"acf":[],"_links":{"self":[{"href":"https:\/\/www.seval.ch\/fr\/wp-json\/wp\/v2\/posts\/16489"}],"collection":[{"href":"https:\/\/www.seval.ch\/fr\/wp-json\/wp\/v2\/posts"}],"about":[{"href":"https:\/\/www.seval.ch\/fr\/wp-json\/wp\/v2\/types\/post"}],"author":[{"embeddable":true,"href":"https:\/\/www.seval.ch\/fr\/wp-json\/wp\/v2\/users\/13"}],"replies":[{"embeddable":true,"href":"https:\/\/www.seval.ch\/fr\/wp-json\/wp\/v2\/comments?post=16489"}],"version-history":[{"count":1,"href":"https:\/\/www.seval.ch\/fr\/wp-json\/wp\/v2\/posts\/16489\/revisions"}],"predecessor-version":[{"id":16491,"href":"https:\/\/www.seval.ch\/fr\/wp-json\/wp\/v2\/posts\/16489\/revisions\/16491"}],"wp:attachment":[{"href":"https:\/\/www.seval.ch\/fr\/wp-json\/wp\/v2\/media?parent=16489"}],"wp:term":[{"taxonomy":"category","embeddable":true,"href":"https:\/\/www.seval.ch\/fr\/wp-json\/wp\/v2\/categories?post=16489"},{"taxonomy":"post_tag","embeddable":true,"href":"https:\/\/www.seval.ch\/fr\/wp-json\/wp\/v2\/tags?post=16489"}],"curies":[{"name":"wp","href":"https:\/\/api.w.org\/{rel}","templated":true}]}}