{"id":17062,"date":"2024-11-04T00:00:00","date_gmt":"2024-11-03T23:00:00","guid":{"rendered":"https:\/\/www.seval.ch\/2024\/11\/04\/2-fachtagung-wirkungen-und-soziale-arbeit-evaluationen-sinnvoll-nutzen-methoden-beispiele-zugaenge\/"},"modified":"2024-11-04T00:00:00","modified_gmt":"2024-11-03T23:00:00","slug":"2-fachtagung-wirkungen-und-soziale-arbeit-evaluationen-sinnvoll-nutzen-methoden-beispiele-zugaenge","status":"publish","type":"post","link":"https:\/\/www.seval.ch\/en\/2024\/11\/04\/2-fachtagung-wirkungen-und-soziale-arbeit-evaluationen-sinnvoll-nutzen-methoden-beispiele-zugaenge\/","title":{"rendered":"2. Fachtagung Wirkungen und Soziale Arbeit: Evaluationen sinnvoll nutzen \u2013 Methoden, Beispiele, Zug\u00e4nge"},"content":{"rendered":"<p>Die Fachtagung am 5. M\u00e4rz 2025 in Olten legt den Fokus auf die Nutzung von Evaluationsergebnissen. Also auf die Frage, wie die Erhebung von Kennzahlen oder Daten zu Wirkungen der eigenen Angebote zu neuen Erkenntnissen, einer Verbesserung der professionellen Praxis oder Lernen beitragen kann.<br \/>\nDie Tagung richtet sich an Fachpersonen aus verschiedenen Praxisfeldern der Sozialen Arbeit sowie an Fachleute aus der Wissenschaft. Themen wie Wirkungsorientierung praxisnah umsetzen, Daten aus Wirkungsevaluationen verst\u00e4ndlich aufbereiten und die Nutzung k\u00fcnstlicher Intelligenz (KI) werden anhand von Praxisbeispielen und vielversprechenden Zug\u00e4ngen vorgestellt und diskutiert.<br \/>\nAnmeldung und weitere Informationen finden Sie <a href=\"https:\/\/www.fhnw.ch\/plattformen\/wirkungen\" target=\"_blank\" rel=\"noopener\">hier<\/a><\/p>\n","protected":false},"excerpt":{"rendered":"<p>Die Fachtagung am 5. M\u00e4rz 2025 in Olten legt den Fokus auf die Nutzung von Evaluationsergebnissen. Also auf die Frage, wie die Erhebung von Kennzahlen oder Daten zu Wirkungen der eigenen Angebote zu neuen Erkenntnissen, einer Verbesserung der professionellen Praxis oder Lernen beitragen kann. Die Tagung richtet sich an Fachpersonen aus verschiedenen Praxisfeldern der Sozialen &hellip;<\/p>\n","protected":false},"author":470,"featured_media":0,"comment_status":"closed","ping_status":"closed","sticky":false,"template":"","format":"standard","meta":{"_searchwp_excluded":""},"categories":[138],"tags":[],"acf":[],"_links":{"self":[{"href":"https:\/\/www.seval.ch\/en\/wp-json\/wp\/v2\/posts\/17062"}],"collection":[{"href":"https:\/\/www.seval.ch\/en\/wp-json\/wp\/v2\/posts"}],"about":[{"href":"https:\/\/www.seval.ch\/en\/wp-json\/wp\/v2\/types\/post"}],"author":[{"embeddable":true,"href":"https:\/\/www.seval.ch\/en\/wp-json\/wp\/v2\/users\/470"}],"replies":[{"embeddable":true,"href":"https:\/\/www.seval.ch\/en\/wp-json\/wp\/v2\/comments?post=17062"}],"version-history":[{"count":0,"href":"https:\/\/www.seval.ch\/en\/wp-json\/wp\/v2\/posts\/17062\/revisions"}],"wp:attachment":[{"href":"https:\/\/www.seval.ch\/en\/wp-json\/wp\/v2\/media?parent=17062"}],"wp:term":[{"taxonomy":"category","embeddable":true,"href":"https:\/\/www.seval.ch\/en\/wp-json\/wp\/v2\/categories?post=17062"},{"taxonomy":"post_tag","embeddable":true,"href":"https:\/\/www.seval.ch\/en\/wp-json\/wp\/v2\/tags?post=17062"}],"curies":[{"name":"wp","href":"https:\/\/api.w.org\/{rel}","templated":true}]}}